{"id":575,"date":"2024-10-04T16:03:01","date_gmt":"2024-10-04T16:03:01","guid":{"rendered":"https:\/\/pandurango.org.mx\/?p=575"},"modified":"2024-10-07T16:11:07","modified_gmt":"2024-10-07T16:11:07","slug":"pan-durango-celebra-el-dia-mundial-del-adulto-mayor","status":"publish","type":"post","link":"https:\/\/pandurango.org.mx\/index.php\/2024\/10\/04\/pan-durango-celebra-el-dia-mundial-del-adulto-mayor\/","title":{"rendered":"PAN Durango Celebra el D\u00eda Mundial del Adulto Mayor"},"content":{"rendered":"\n<p>En el marco del D\u00eda Mundial del Adulto Mayor, el Comit\u00e9 Directivo Estatal del PAN, encabezado por Mario Salazar Madera, reafirm\u00f3 su compromiso con los sectores m\u00e1s vulnerables de la sociedad.<\/p>\n\n\n\n<p>A trav\u00e9s de la Secretar\u00eda de Acci\u00f3n y Plenitud, liderada por Angelita Favela, se organizaron diversas actividades en el Hogar de Ancianos Nuestra Se\u00f1ora de Guadalupe, ofreciendo una jornada llena de alegr\u00eda y entretenimiento para nuestros adultos mayores.<\/p>\n\n\n\n<p>El evento estuvo marcado por momentos de convivencia que incluyeron m\u00fasica, baile y juegos de mesa como la loter\u00eda, fomentando la interacci\u00f3n y el esparcimiento. Adem\u00e1s, se cont\u00f3 con un cuenta cuentos especial, donde los asistentes participaron en la representaci\u00f3n del cl\u00e1sico cuento \u00abLos Tres Cochinitos\u00bb, brindando sonrisas y recuerdos imborrables a todos los presentes.<\/p>\n\n\n\n<p>Como s\u00edmbolo de celebraci\u00f3n y gratitud por la vida y experiencia de nuestros mayores, se parti\u00f3 un pastel, cerrando el d\u00eda con un ambiente festivo y familiar.<\/p>\n\n\n\n<p>El Comit\u00e9 Directivo Estatal del PAN reafirma su compromiso con las causas que mejoran la calidad de vida de los adultos mayores, agradeciendo al Hogar de Ancianos Nuestra Se\u00f1ora de Guadalupe por su colaboraci\u00f3n en este importante&nbsp;evento.<\/p>\n","protected":false},"excerpt":{"rendered":"<p>En el marco del D\u00eda Mundial del Adulto Mayor, el Comit\u00e9 Directivo Estatal del PAN, encabezado por Mario Salazar Madera, reafirm\u00f3 su compromiso con los<\/p>\n","protected":false},"author":2,"featured_media":576,"comment_status":"closed","ping_status":"closed","sticky":false,"template":"","format":"standard","meta":{"_eb_attr":"","footnotes":""},"categories":[25],"tags":[40,43],"class_list":["post-575","post","type-post","status-publish","format-standard","has-post-thumbnail","hentry","category-boletin","tag-estatal","tag-preidente"],"_links":{"self":[{"href":"https:\/\/pandurango.org.mx\/index.php\/wp-json\/wp\/v2\/posts\/575","targetHints":{"allow":["GET"]}}],"collection":[{"href":"https:\/\/pandurango.org.mx\/index.php\/wp-json\/wp\/v2\/posts"}],"about":[{"href":"https:\/\/pandurango.org.mx\/index.php\/wp-json\/wp\/v2\/types\/post"}],"author":[{"embeddable":true,"href":"https:\/\/pandurango.org.mx\/index.php\/wp-json\/wp\/v2\/users\/2"}],"replies":[{"embeddable":true,"href":"https:\/\/pandurango.org.mx\/index.php\/wp-json\/wp\/v2\/comments?post=575"}],"version-history":[{"count":1,"href":"https:\/\/pandurango.org.mx\/index.php\/wp-json\/wp\/v2\/posts\/575\/revisions"}],"predecessor-version":[{"id":577,"href":"https:\/\/pandurango.org.mx\/index.php\/wp-json\/wp\/v2\/posts\/575\/revisions\/577"}],"wp:featuredmedia":[{"embeddable":true,"href":"https:\/\/pandurango.org.mx\/index.php\/wp-json\/wp\/v2\/media\/576"}],"wp:attachment":[{"href":"https:\/\/pandurango.org.mx\/index.php\/wp-json\/wp\/v2\/media?parent=575"}],"wp:term":[{"taxonomy":"category","embeddable":true,"href":"https:\/\/pandurango.org.mx\/index.php\/wp-json\/wp\/v2\/categories?post=575"},{"taxonomy":"post_tag","embeddable":true,"href":"https:\/\/pandurango.org.mx\/index.php\/wp-json\/wp\/v2\/tags?post=575"}],"curies":[{"name":"wp","href":"https:\/\/api.w.org\/{rel}","templated":true}]}}