{"id":559,"date":"2024-08-20T21:45:39","date_gmt":"2024-08-20T21:45:39","guid":{"rendered":"https:\/\/pandurango.org.mx\/?p=559"},"modified":"2024-09-10T21:49:06","modified_gmt":"2024-09-10T21:49:06","slug":"el-pan-durango-llevara-los-festejos-del-85-aniversario-a-la-laguna","status":"publish","type":"post","link":"https:\/\/pandurango.org.mx\/index.php\/2024\/08\/20\/el-pan-durango-llevara-los-festejos-del-85-aniversario-a-la-laguna\/","title":{"rendered":"El PAN Durango llevar\u00e1 los festejos del 85 aniversario a la Laguna"},"content":{"rendered":"\n<p>El Presidente del Comit\u00e9 Directivo Estatal del PAN en Durango, Mario Salazar, anunci\u00f3 que los festejos por el 85 aniversario de la fundaci\u00f3n del Partido Acci\u00f3n Nacional se extender\u00e1n a los municipios de G\u00f3mez Palacio y Lerdo, como parte de una celebraci\u00f3n que busca reconocer la historia y los valores del partido en toda la entidad.<\/p>\n\n\n\n<p>Dentro de estas actividades, Salazar destac\u00f3 la realizaci\u00f3n de la Primera Edici\u00f3n de la Carrera Maquio 5K en G\u00f3mez Palacio, que se llevar\u00e1 a cabo el pr\u00f3ximo 22 de septiembre a las 8:00 a.m. La ruta de esta carrera ser\u00e1 un circuito con la Torre Eiffel como punto de inicio y meta, recorriendo el bulevar Miguel Alem\u00e1n. Este evento busca reunir a simpatizantes, militantes y ciudadan\u00eda en un espacio de convivencia y actividad f\u00edsica, adem\u00e1s de honrar la memoria de Manuel J. Clouthier \u00abMaquio\u00bb, uno de los l\u00edderes m\u00e1s emblem\u00e1ticos del PAN.<\/p>\n\n\n\n<p>Cuyas inscripciones est\u00e1n abiertas en los comit\u00e9s municipales del PAN en G\u00f3mez Palacio y Lerdo.<\/p>\n\n\n\n<p>Asimismo, se dio a conocer que el municipio de Lerdo ser\u00e1 la sede de la Medalla Federico Ling Altamirano, un reconocimiento destinado a panistas que han dejado una huella significativa en el interior del partido. Este galard\u00f3n busca exaltar la trayectoria y el compromiso de aquellos militantes que han dedicado su vida a promover los valores y principios de Acci\u00f3n Nacional.<\/p>\n\n\n\n<p>Mario Salazar subray\u00f3 que estos festejos representan una oportunidad para fortalecer la identidad panista y consolidar la unidad dentro de la militancia, al mismo tiempo que se abren espacios para la participaci\u00f3n ciudadana en eventos deportivos, culturales y de&nbsp;reconocimiento.<\/p>\n","protected":false},"excerpt":{"rendered":"<p>El Presidente del Comit\u00e9 Directivo Estatal del PAN en Durango, Mario Salazar, anunci\u00f3 que los festejos por el 85 aniversario de la fundaci\u00f3n del Partido<\/p>\n","protected":false},"author":2,"featured_media":560,"comment_status":"closed","ping_status":"closed","sticky":false,"template":"","format":"standard","meta":{"_eb_attr":"","footnotes":""},"categories":[25],"tags":[34,8,28],"class_list":["post-559","post","type-post","status-publish","format-standard","has-post-thumbnail","hentry","category-boletin","tag-34","tag-candidatos","tag-locales"],"_links":{"self":[{"href":"https:\/\/pandurango.org.mx\/index.php\/wp-json\/wp\/v2\/posts\/559","targetHints":{"allow":["GET"]}}],"collection":[{"href":"https:\/\/pandurango.org.mx\/index.php\/wp-json\/wp\/v2\/posts"}],"about":[{"href":"https:\/\/pandurango.org.mx\/index.php\/wp-json\/wp\/v2\/types\/post"}],"author":[{"embeddable":true,"href":"https:\/\/pandurango.org.mx\/index.php\/wp-json\/wp\/v2\/users\/2"}],"replies":[{"embeddable":true,"href":"https:\/\/pandurango.org.mx\/index.php\/wp-json\/wp\/v2\/comments?post=559"}],"version-history":[{"count":1,"href":"https:\/\/pandurango.org.mx\/index.php\/wp-json\/wp\/v2\/posts\/559\/revisions"}],"predecessor-version":[{"id":561,"href":"https:\/\/pandurango.org.mx\/index.php\/wp-json\/wp\/v2\/posts\/559\/revisions\/561"}],"wp:featuredmedia":[{"embeddable":true,"href":"https:\/\/pandurango.org.mx\/index.php\/wp-json\/wp\/v2\/media\/560"}],"wp:attachment":[{"href":"https:\/\/pandurango.org.mx\/index.php\/wp-json\/wp\/v2\/media?parent=559"}],"wp:term":[{"taxonomy":"category","embeddable":true,"href":"https:\/\/pandurango.org.mx\/index.php\/wp-json\/wp\/v2\/categories?post=559"},{"taxonomy":"post_tag","embeddable":true,"href":"https:\/\/pandurango.org.mx\/index.php\/wp-json\/wp\/v2\/tags?post=559"}],"curies":[{"name":"wp","href":"https:\/\/api.w.org\/{rel}","templated":true}]}}