{"id":544,"date":"2024-08-15T17:55:58","date_gmt":"2024-08-15T17:55:58","guid":{"rendered":"https:\/\/pandurango.org.mx\/?p=544"},"modified":"2024-08-15T17:55:59","modified_gmt":"2024-08-15T17:55:59","slug":"morena-no-va-a-gobernar-la-capital-de-durango-mario-salazar","status":"publish","type":"post","link":"https:\/\/pandurango.org.mx\/index.php\/2024\/08\/15\/morena-no-va-a-gobernar-la-capital-de-durango-mario-salazar\/","title":{"rendered":"Morena no va a gobernar la capital de Durango: Mario Salazar"},"content":{"rendered":"\n<p>El dirigente estatal del PAN, Mario Salazar, se pronunci\u00f3 en relaci\u00f3n con las recientes declaraciones de morenistas sobre sus intenciones de asegurar la alcald\u00eda de Durango capital en las pr\u00f3ximas elecciones.<\/p>\n\n\n\n<p>Salazar afirm\u00f3 que los resultados del pasado proceso electoral de 2024, en el que la coalici\u00f3n PRI-PAN-PRD gan\u00f3 las diputaciones en la capital, demuestran que la ciudadan\u00eda respalda la gesti\u00f3n del alcalde To\u00f1o Ochoa y del gobernador Esteban Villegas. Confiado en estos logros, Salazar expres\u00f3 que tienen plena seguridad de que podr\u00e1n obtener la victoria nuevamente.<\/p>\n\n\n\n<p>\u201cComo partido pol\u00edtico, seguiremos trabajando en lo que nos corresponde. No tengo duda de que la alcald\u00eda de la capital ser\u00e1 de nueva cuenta para nuestra coalici\u00f3n\u201d, agreg\u00f3 el dirigente.<\/p>\n\n\n\n<p>Con estas declaraciones, el PAN en Durango reafirma su compromiso de continuar con el fortalecimiento de la coalici\u00f3n y la defensa de los avances logrados para la ciudad&nbsp;y&nbsp;el&nbsp;estado.<\/p>\n","protected":false},"excerpt":{"rendered":"<p>El dirigente estatal del PAN, Mario Salazar, se pronunci\u00f3 en relaci\u00f3n con las recientes declaraciones de morenistas sobre sus intenciones de asegurar la alcald\u00eda de<\/p>\n","protected":false},"author":2,"featured_media":545,"comment_status":"closed","ping_status":"closed","sticky":false,"template":"","format":"standard","meta":{"_eb_attr":"","footnotes":""},"categories":[1],"tags":[40,41,28,39],"class_list":["post-544","post","type-post","status-publish","format-standard","has-post-thumbnail","hentry","category-blog","tag-estatal","tag-gobernacion","tag-locales","tag-presidente-estatal"],"_links":{"self":[{"href":"https:\/\/pandurango.org.mx\/index.php\/wp-json\/wp\/v2\/posts\/544","targetHints":{"allow":["GET"]}}],"collection":[{"href":"https:\/\/pandurango.org.mx\/index.php\/wp-json\/wp\/v2\/posts"}],"about":[{"href":"https:\/\/pandurango.org.mx\/index.php\/wp-json\/wp\/v2\/types\/post"}],"author":[{"embeddable":true,"href":"https:\/\/pandurango.org.mx\/index.php\/wp-json\/wp\/v2\/users\/2"}],"replies":[{"embeddable":true,"href":"https:\/\/pandurango.org.mx\/index.php\/wp-json\/wp\/v2\/comments?post=544"}],"version-history":[{"count":1,"href":"https:\/\/pandurango.org.mx\/index.php\/wp-json\/wp\/v2\/posts\/544\/revisions"}],"predecessor-version":[{"id":546,"href":"https:\/\/pandurango.org.mx\/index.php\/wp-json\/wp\/v2\/posts\/544\/revisions\/546"}],"wp:featuredmedia":[{"embeddable":true,"href":"https:\/\/pandurango.org.mx\/index.php\/wp-json\/wp\/v2\/media\/545"}],"wp:attachment":[{"href":"https:\/\/pandurango.org.mx\/index.php\/wp-json\/wp\/v2\/media?parent=544"}],"wp:term":[{"taxonomy":"category","embeddable":true,"href":"https:\/\/pandurango.org.mx\/index.php\/wp-json\/wp\/v2\/categories?post=544"},{"taxonomy":"post_tag","embeddable":true,"href":"https:\/\/pandurango.org.mx\/index.php\/wp-json\/wp\/v2\/tags?post=544"}],"curies":[{"name":"wp","href":"https:\/\/api.w.org\/{rel}","templated":true}]}}