{"id":515,"date":"2024-07-26T19:47:08","date_gmt":"2024-07-26T19:47:08","guid":{"rendered":"https:\/\/pandurango.org.mx\/?p=515"},"modified":"2024-07-26T19:47:08","modified_gmt":"2024-07-26T19:47:08","slug":"el-gobierno-federal-le-hace-guinos-al-crimen-organizado-pan","status":"publish","type":"post","link":"https:\/\/pandurango.org.mx\/index.php\/2024\/07\/26\/el-gobierno-federal-le-hace-guinos-al-crimen-organizado-pan\/","title":{"rendered":"El gobierno federal le hace gui\u00f1os al crimen organizado: PAN"},"content":{"rendered":"\n<p>El Partido Acci\u00f3n Nacional (PAN) en Durango ha expresado su preocupaci\u00f3n respecto a la pol\u00edtica del gobierno federal en relaci\u00f3n con el combate al crimen organizado, en el marco de la reciente captura de Ismael Zambada en Estados Unidos.<\/p>\n\n\n\n<p>Mario Salazar, dirigente del PAN en Durango, se\u00f1al\u00f3 que \u00abel gobierno federal no tiene una pol\u00edtica clara en el combate al crimen organizado\u00bb. Salazar a\u00f1adi\u00f3 que hay evidencias de que el gobierno federal podr\u00eda estar colaborando con el crimen organizado. \u00abHay claros mensajes que el gobierno federal trabaja y hace alianzas con el crimen organizado, es evidente\u00bb, afirm\u00f3.<\/p>\n\n\n\n<p>Adem\u00e1s, Salazar critic\u00f3 la ausencia de una propuesta nacional efectiva para combatir el crimen organizado. \u00abA nivel nacional no se ha presentado una propuesta que nos diga c\u00f3mo se va a combatir el crimen organizado\u00bb, explic\u00f3. En cambio, mencion\u00f3 que se ha seguido una pol\u00edtica de \u00ababrazos y no balazos\u00bb y de hacerle gui\u00f1os al crimen organizado, lo que considera insuficiente y peligroso para la seguridad del pa\u00eds.<\/p>\n\n\n\n<p>El PAN en Durango reitera su llamado al gobierno federal para que implemente una estrategia contundente y clara contra el crimen organizado, a fin de garantizar la seguridad y bienestar de todos&nbsp;los&nbsp;ciudadanos.<\/p>\n","protected":false},"excerpt":{"rendered":"<p>El Partido Acci\u00f3n Nacional (PAN) en Durango ha expresado su preocupaci\u00f3n respecto a la pol\u00edtica del gobierno federal en relaci\u00f3n con el combate al crimen<\/p>\n","protected":false},"author":2,"featured_media":516,"comment_status":"closed","ping_status":"closed","sticky":false,"template":"","format":"standard","meta":{"_eb_attr":"","footnotes":""},"categories":[1],"tags":[38,37,35],"class_list":["post-515","post","type-post","status-publish","format-standard","has-post-thumbnail","hentry","category-blog","tag-crimen-organizado","tag-federal","tag-presidente"],"_links":{"self":[{"href":"https:\/\/pandurango.org.mx\/index.php\/wp-json\/wp\/v2\/posts\/515","targetHints":{"allow":["GET"]}}],"collection":[{"href":"https:\/\/pandurango.org.mx\/index.php\/wp-json\/wp\/v2\/posts"}],"about":[{"href":"https:\/\/pandurango.org.mx\/index.php\/wp-json\/wp\/v2\/types\/post"}],"author":[{"embeddable":true,"href":"https:\/\/pandurango.org.mx\/index.php\/wp-json\/wp\/v2\/users\/2"}],"replies":[{"embeddable":true,"href":"https:\/\/pandurango.org.mx\/index.php\/wp-json\/wp\/v2\/comments?post=515"}],"version-history":[{"count":1,"href":"https:\/\/pandurango.org.mx\/index.php\/wp-json\/wp\/v2\/posts\/515\/revisions"}],"predecessor-version":[{"id":517,"href":"https:\/\/pandurango.org.mx\/index.php\/wp-json\/wp\/v2\/posts\/515\/revisions\/517"}],"wp:featuredmedia":[{"embeddable":true,"href":"https:\/\/pandurango.org.mx\/index.php\/wp-json\/wp\/v2\/media\/516"}],"wp:attachment":[{"href":"https:\/\/pandurango.org.mx\/index.php\/wp-json\/wp\/v2\/media?parent=515"}],"wp:term":[{"taxonomy":"category","embeddable":true,"href":"https:\/\/pandurango.org.mx\/index.php\/wp-json\/wp\/v2\/categories?post=515"},{"taxonomy":"post_tag","embeddable":true,"href":"https:\/\/pandurango.org.mx\/index.php\/wp-json\/wp\/v2\/tags?post=515"}],"curies":[{"name":"wp","href":"https:\/\/api.w.org\/{rel}","templated":true}]}}