{"id":396,"date":"2024-04-11T17:12:46","date_gmt":"2024-04-11T17:12:46","guid":{"rendered":"https:\/\/pandurango.org.mx\/?p=396"},"modified":"2024-04-11T17:12:47","modified_gmt":"2024-04-11T17:12:47","slug":"pan-de-durango-arranca-con-fuerza-en-la-campana-para-diputados-locales","status":"publish","type":"post","link":"https:\/\/pandurango.org.mx\/index.php\/2024\/04\/11\/pan-de-durango-arranca-con-fuerza-en-la-campana-para-diputados-locales\/","title":{"rendered":"PAN de Durango arranca con fuerza en la campa\u00f1a para Diputados Locales"},"content":{"rendered":"\n<div class=\"wp-block-columns is-layout-flex wp-container-core-columns-is-layout-9d6595d7 wp-block-columns-is-layout-flex\">\n<div class=\"wp-block-column is-layout-flow wp-block-column-is-layout-flow\">\n<figure class=\"wp-block-image size-large\"><img fetchpriority=\"high\" decoding=\"async\" width=\"1024\" height=\"683\" src=\"https:\/\/pandurango.org.mx\/wp-content\/uploads\/2024\/04\/WhatsApp-Image-2024-04-11-at-11.08.22-AM-1-1024x683.jpeg\" alt=\"\" class=\"wp-image-398\" srcset=\"https:\/\/pandurango.org.mx\/wp-content\/uploads\/2024\/04\/WhatsApp-Image-2024-04-11-at-11.08.22-AM-1-1024x683.jpeg 1024w, https:\/\/pandurango.org.mx\/wp-content\/uploads\/2024\/04\/WhatsApp-Image-2024-04-11-at-11.08.22-AM-1-300x200.jpeg 300w, https:\/\/pandurango.org.mx\/wp-content\/uploads\/2024\/04\/WhatsApp-Image-2024-04-11-at-11.08.22-AM-1-768x512.jpeg 768w, https:\/\/pandurango.org.mx\/wp-content\/uploads\/2024\/04\/WhatsApp-Image-2024-04-11-at-11.08.22-AM-1-1170x781.jpeg 1170w, https:\/\/pandurango.org.mx\/wp-content\/uploads\/2024\/04\/WhatsApp-Image-2024-04-11-at-11.08.22-AM-1.jpeg 1280w\" sizes=\"(max-width: 1024px) 100vw, 1024px\" \/><\/figure>\n\n\n\n<p>Mario Salazar Madera, presidente del PAN en Durango, dio inicio a la campa\u00f1a de Diputados Locales con un mensaje de unidad y compromiso. Acompa\u00f1ado por los candidatos del Distrito 01, Alejandro Mojica; del Distrito 05, Fernando Rocha; y del Distrito 06, Gaby V\u00e1zquez, resalt\u00f3 la importancia de trabajar en equipo para representar a la ciudadan\u00eda duranguense.<\/p>\n\n\n\n<p>Enmarcados en la coalici\u00f3n \u00abFuerza y Coraz\u00f3n por Durango\u00bb junto al PRI y PRD, Salazar Madera enfatiz\u00f3 la colaboraci\u00f3n y el trabajo conjunto que se realizar\u00e1 con Esteban Villegas y el alcalde To\u00f1o Ochoa. Esta alianza busca impulsar un proyecto pol\u00edtico que atienda las necesidades de la sociedad duranguense de manera integral y efectiva.<\/p>\n<\/div>\n\n\n\n<div class=\"wp-block-column is-layout-flow wp-block-column-is-layout-flow\">\n<p>Salazar Madera hizo hincapi\u00e9 en la relevancia de llevar la voz de Durango al Congreso Local, asegurando que los programas sociales no deben quedar rezagados a nivel nacional. En este sentido, destac\u00f3 la importancia de la colaboraci\u00f3n con X\u00f3chitl G\u00e1lvez para garantizar que los beneficios lleguen a quienes m\u00e1s los necesitan.<\/p>\n\n\n\n<p>Con un firme compromiso con el bienestar de Durango y sus habitantes, el PAN se prepara para una campa\u00f1a enfocada en propuestas concretas y soluciones reales para los desaf\u00edos que enfrenta la entidad.<\/p>\n\n\n\n<figure class=\"wp-block-image size-large\"><img decoding=\"async\" width=\"1024\" height=\"630\" src=\"https:\/\/pandurango.org.mx\/wp-content\/uploads\/2024\/04\/WhatsApp-Image-2024-04-11-at-11.08.22-AM-2-1024x630.jpeg\" alt=\"\" class=\"wp-image-399\" srcset=\"https:\/\/pandurango.org.mx\/wp-content\/uploads\/2024\/04\/WhatsApp-Image-2024-04-11-at-11.08.22-AM-2-1024x630.jpeg 1024w, https:\/\/pandurango.org.mx\/wp-content\/uploads\/2024\/04\/WhatsApp-Image-2024-04-11-at-11.08.22-AM-2-300x185.jpeg 300w, https:\/\/pandurango.org.mx\/wp-content\/uploads\/2024\/04\/WhatsApp-Image-2024-04-11-at-11.08.22-AM-2-768x472.jpeg 768w, https:\/\/pandurango.org.mx\/wp-content\/uploads\/2024\/04\/WhatsApp-Image-2024-04-11-at-11.08.22-AM-2-1536x945.jpeg 1536w, https:\/\/pandurango.org.mx\/wp-content\/uploads\/2024\/04\/WhatsApp-Image-2024-04-11-at-11.08.22-AM-2-2048x1260.jpeg 2048w, https:\/\/pandurango.org.mx\/wp-content\/uploads\/2024\/04\/WhatsApp-Image-2024-04-11-at-11.08.22-AM-2-1170x720.jpeg 1170w\" sizes=\"(max-width: 1024px) 100vw, 1024px\" \/><\/figure>\n<\/div>\n<\/div>\n","protected":false},"excerpt":{"rendered":"<p>Mario Salazar Madera, presidente del PAN en Durango, dio inicio a la campa\u00f1a de Diputados Locales con un mensaje de unidad y compromiso. Acompa\u00f1ado por<\/p>\n","protected":false},"author":2,"featured_media":397,"comment_status":"closed","ping_status":"closed","sticky":false,"template":"","format":"standard","meta":{"_eb_attr":"","footnotes":""},"categories":[1],"tags":[34,17,8,32,30,28,26,27],"class_list":["post-396","post","type-post","status-publish","format-standard","has-post-thumbnail","hentry","category-blog","tag-34","tag-candidata","tag-candidatos","tag-informatvo","tag-local","tag-locales","tag-presidenta","tag-xochitl"],"_links":{"self":[{"href":"https:\/\/pandurango.org.mx\/index.php\/wp-json\/wp\/v2\/posts\/396","targetHints":{"allow":["GET"]}}],"collection":[{"href":"https:\/\/pandurango.org.mx\/index.php\/wp-json\/wp\/v2\/posts"}],"about":[{"href":"https:\/\/pandurango.org.mx\/index.php\/wp-json\/wp\/v2\/types\/post"}],"author":[{"embeddable":true,"href":"https:\/\/pandurango.org.mx\/index.php\/wp-json\/wp\/v2\/users\/2"}],"replies":[{"embeddable":true,"href":"https:\/\/pandurango.org.mx\/index.php\/wp-json\/wp\/v2\/comments?post=396"}],"version-history":[{"count":1,"href":"https:\/\/pandurango.org.mx\/index.php\/wp-json\/wp\/v2\/posts\/396\/revisions"}],"predecessor-version":[{"id":401,"href":"https:\/\/pandurango.org.mx\/index.php\/wp-json\/wp\/v2\/posts\/396\/revisions\/401"}],"wp:featuredmedia":[{"embeddable":true,"href":"https:\/\/pandurango.org.mx\/index.php\/wp-json\/wp\/v2\/media\/397"}],"wp:attachment":[{"href":"https:\/\/pandurango.org.mx\/index.php\/wp-json\/wp\/v2\/media?parent=396"}],"wp:term":[{"taxonomy":"category","embeddable":true,"href":"https:\/\/pandurango.org.mx\/index.php\/wp-json\/wp\/v2\/categories?post=396"},{"taxonomy":"post_tag","embeddable":true,"href":"https:\/\/pandurango.org.mx\/index.php\/wp-json\/wp\/v2\/tags?post=396"}],"curies":[{"name":"wp","href":"https:\/\/api.w.org\/{rel}","templated":true}]}}