{"id":267,"date":"2024-03-21T03:11:40","date_gmt":"2024-03-21T03:11:40","guid":{"rendered":"https:\/\/pandurango.org.mx\/?p=267"},"modified":"2024-03-21T03:12:09","modified_gmt":"2024-03-21T03:12:09","slug":"rumbo-a-las-elecciones-pan-da-a-conocer-sus-candidatos-locales","status":"publish","type":"post","link":"https:\/\/pandurango.org.mx\/index.php\/2024\/03\/21\/rumbo-a-las-elecciones-pan-da-a-conocer-sus-candidatos-locales\/","title":{"rendered":"Rumbo a las elecciones, PAN da a conocer sus candidatos locales"},"content":{"rendered":"<div class=\"is-default-size wp-block-site-logo\"><a href=\"https:\/\/pandurango.org.mx\/\" class=\"custom-logo-link\" rel=\"home\"><img fetchpriority=\"high\" decoding=\"async\" width=\"2930\" height=\"1355\" src=\"https:\/\/pandurango.org.mx\/wp-content\/uploads\/2024\/03\/LOGO_PAN.png\" class=\"custom-logo\" alt=\"\" srcset=\"https:\/\/pandurango.org.mx\/wp-content\/uploads\/2024\/03\/LOGO_PAN.png 2930w, https:\/\/pandurango.org.mx\/wp-content\/uploads\/2024\/03\/LOGO_PAN-300x139.png 300w, https:\/\/pandurango.org.mx\/wp-content\/uploads\/2024\/03\/LOGO_PAN-1024x474.png 1024w, https:\/\/pandurango.org.mx\/wp-content\/uploads\/2024\/03\/LOGO_PAN-768x355.png 768w, https:\/\/pandurango.org.mx\/wp-content\/uploads\/2024\/03\/LOGO_PAN-1536x710.png 1536w, https:\/\/pandurango.org.mx\/wp-content\/uploads\/2024\/03\/LOGO_PAN-2048x947.png 2048w, https:\/\/pandurango.org.mx\/wp-content\/uploads\/2024\/03\/LOGO_PAN-1170x541.png 1170w\" sizes=\"(max-width: 2930px) 100vw, 2930px\" \/><\/a><\/div>\n\n\n<div class=\"wp-block-columns is-layout-flex wp-container-core-columns-is-layout-9d6595d7 wp-block-columns-is-layout-flex\">\n<div class=\"wp-block-column is-layout-flow wp-block-column-is-layout-flow\">\n<p>El Presidente del Comit\u00e9 Directivo Estatal del Partido Acci\u00f3n Nacional (PAN), Mario Salazar Madera, anunci\u00f3 en una conferencia de prensa el inicio del proceso de registro de candidatos a Diputados Locales en el estado de Durango.<\/p>\n\n\n\n<p>Este proceso se llevar\u00e1 a cabo del 22 al 29 de marzo ante el IEPC en colaboraci\u00f3n con la alianza \u00abFuerza y Coraz\u00f3n por Durango\u00bb, en coordinaci\u00f3n con los partidos PRI y PRD.<\/p>\n\n\n\n<p>El PAN, como parte de esta alianza, ha definido las candidaturas para diversos distritos electorales locales en Durango. En el Distrito 01, ser\u00e1 encabezado por Alejandro Mojica, reconocido por su trayectoria en el \u00e1mbito pol\u00edtico y su compromiso con la comunidad. En el Distrito 05, la candidatura estar\u00e1 a cargo de Fernando Rocha, un l\u00edder con experiencia en la gesti\u00f3n p\u00fablica y el servicio comunitario.<\/p>\n\n\n\n<p><\/p>\n<\/div>\n\n\n\n<div class=\"wp-block-column is-layout-flow wp-block-column-is-layout-flow\">\n<p>Asimismo, en el Distrito 06, Gaby V\u00e1zquez representar\u00e1 al PAN y sus valores, con una destacada participaci\u00f3n en causas sociales y de desarrollo. En el Distrito 07, C\u00e9sar Rivas se presenta como un candidato con visi\u00f3n y compromiso para abordar los desaf\u00edos locales. Por \u00faltimo, en el Distrito 12, Hilary Bueno buscar\u00e1 llevar las propuestas del PAN a esta zona, con un enfoque en el bienestar y progreso de la comunidad.<\/p>\n\n\n\n<p>Adem\u00e1s de estas candidaturas distritales, se proceder\u00e1 al registro de candidatos de la lista plurinominal. Entre los nombres destacados se encuentran Ver\u00f3nica Gonz\u00e1lez, reconocida por su labor en la defensa de los derechos humanos; Jorge Calero, con experiencia en la administraci\u00f3n p\u00fablica y la promoci\u00f3n de pol\u00edticas inclusivas; y Laura Elena Estrada, comprometida con el desarrollo sostenible y la equidad de g\u00e9nero.<\/p>\n\n\n\n<p>El proceso de registro de candidaturas es un paso importante en el camino hacia las elecciones locales del 10 de abril, donde se espera una amplia participaci\u00f3n&nbsp;ciudadana.<\/p>\n<\/div>\n<\/div>\n<div class=\"pvc_clear\"><\/div><p id=\"pvc_stats_267\" class=\"pvc_stats all  \" data-element-id=\"267\" style=\"\"><i class=\"pvc-stats-icon medium\" aria-hidden=\"true\"><svg aria-hidden=\"true\" focusable=\"false\" data-prefix=\"far\" data-icon=\"chart-bar\" role=\"img\" xmlns=\"http:\/\/www.w3.org\/2000\/svg\" viewBox=\"0 0 512 512\" class=\"svg-inline--fa fa-chart-bar fa-w-16 fa-2x\"><path fill=\"currentColor\" d=\"M396.8 352h22.4c6.4 0 12.8-6.4 12.8-12.8V108.8c0-6.4-6.4-12.8-12.8-12.8h-22.4c-6.4 0-12.8 6.4-12.8 12.8v230.4c0 6.4 6.4 12.8 12.8 12.8zm-192 0h22.4c6.4 0 12.8-6.4 12.8-12.8V140.8c0-6.4-6.4-12.8-12.8-12.8h-22.4c-6.4 0-12.8 6.4-12.8 12.8v198.4c0 6.4 6.4 12.8 12.8 12.8zm96 0h22.4c6.4 0 12.8-6.4 12.8-12.8V204.8c0-6.4-6.4-12.8-12.8-12.8h-22.4c-6.4 0-12.8 6.4-12.8 12.8v134.4c0 6.4 6.4 12.8 12.8 12.8zM496 400H48V80c0-8.84-7.16-16-16-16H16C7.16 64 0 71.16 0 80v336c0 17.67 14.33 32 32 32h464c8.84 0 16-7.16 16-16v-16c0-8.84-7.16-16-16-16zm-387.2-48h22.4c6.4 0 12.8-6.4 12.8-12.8v-70.4c0-6.4-6.4-12.8-12.8-12.8h-22.4c-6.4 0-12.8 6.4-12.8 12.8v70.4c0 6.4 6.4 12.8 12.8 12.8z\" class=\"\"><\/path><\/svg><\/i> <img decoding=\"async\" width=\"16\" height=\"16\" alt=\"Loading\" src=\"https:\/\/pandurango.org.mx\/wp-content\/plugins\/page-views-count\/ajax-loader-2x.gif\" border=0 \/><\/p><div class=\"pvc_clear\"><\/div>","protected":false},"excerpt":{"rendered":"<p>El Presidente del Comit\u00e9 Directivo Estatal del Partido Acci\u00f3n Nacional (PAN), Mario Salazar Madera, anunci\u00f3 en una conferencia de prensa el inicio del proceso de<\/p>\n<div class=\"pvc_clear\"><\/div>\n<p id=\"pvc_stats_267\" class=\"pvc_stats all  \" data-element-id=\"267\" style=\"\"><i class=\"pvc-stats-icon medium\" aria-hidden=\"true\"><svg aria-hidden=\"true\" focusable=\"false\" data-prefix=\"far\" data-icon=\"chart-bar\" role=\"img\" xmlns=\"http:\/\/www.w3.org\/2000\/svg\" viewBox=\"0 0 512 512\" class=\"svg-inline--fa fa-chart-bar fa-w-16 fa-2x\"><path fill=\"currentColor\" d=\"M396.8 352h22.4c6.4 0 12.8-6.4 12.8-12.8V108.8c0-6.4-6.4-12.8-12.8-12.8h-22.4c-6.4 0-12.8 6.4-12.8 12.8v230.4c0 6.4 6.4 12.8 12.8 12.8zm-192 0h22.4c6.4 0 12.8-6.4 12.8-12.8V140.8c0-6.4-6.4-12.8-12.8-12.8h-22.4c-6.4 0-12.8 6.4-12.8 12.8v198.4c0 6.4 6.4 12.8 12.8 12.8zm96 0h22.4c6.4 0 12.8-6.4 12.8-12.8V204.8c0-6.4-6.4-12.8-12.8-12.8h-22.4c-6.4 0-12.8 6.4-12.8 12.8v134.4c0 6.4 6.4 12.8 12.8 12.8zM496 400H48V80c0-8.84-7.16-16-16-16H16C7.16 64 0 71.16 0 80v336c0 17.67 14.33 32 32 32h464c8.84 0 16-7.16 16-16v-16c0-8.84-7.16-16-16-16zm-387.2-48h22.4c6.4 0 12.8-6.4 12.8-12.8v-70.4c0-6.4-6.4-12.8-12.8-12.8h-22.4c-6.4 0-12.8 6.4-12.8 12.8v70.4c0 6.4 6.4 12.8 12.8 12.8z\" class=\"\"><\/path><\/svg><\/i> <img decoding=\"async\" width=\"16\" height=\"16\" alt=\"Loading\" src=\"https:\/\/pandurango.org.mx\/wp-content\/plugins\/page-views-count\/ajax-loader-2x.gif\" border=0 \/><\/p>\n<div class=\"pvc_clear\"><\/div>\n","protected":false},"author":2,"featured_media":249,"comment_status":"open","ping_status":"open","sticky":false,"template":"","format":"standard","meta":{"_eb_attr":"","footnotes":""},"categories":[1],"tags":[],"class_list":["post-267","post","type-post","status-publish","format-standard","has-post-thumbnail","hentry","category-blog"],"_links":{"self":[{"href":"https:\/\/pandurango.org.mx\/index.php\/wp-json\/wp\/v2\/posts\/267","targetHints":{"allow":["GET"]}}],"collection":[{"href":"https:\/\/pandurango.org.mx\/index.php\/wp-json\/wp\/v2\/posts"}],"about":[{"href":"https:\/\/pandurango.org.mx\/index.php\/wp-json\/wp\/v2\/types\/post"}],"author":[{"embeddable":true,"href":"https:\/\/pandurango.org.mx\/index.php\/wp-json\/wp\/v2\/users\/2"}],"replies":[{"embeddable":true,"href":"https:\/\/pandurango.org.mx\/index.php\/wp-json\/wp\/v2\/comments?post=267"}],"version-history":[{"count":1,"href":"https:\/\/pandurango.org.mx\/index.php\/wp-json\/wp\/v2\/posts\/267\/revisions"}],"predecessor-version":[{"id":268,"href":"https:\/\/pandurango.org.mx\/index.php\/wp-json\/wp\/v2\/posts\/267\/revisions\/268"}],"wp:featuredmedia":[{"embeddable":true,"href":"https:\/\/pandurango.org.mx\/index.php\/wp-json\/wp\/v2\/media\/249"}],"wp:attachment":[{"href":"https:\/\/pandurango.org.mx\/index.php\/wp-json\/wp\/v2\/media?parent=267"}],"wp:term":[{"taxonomy":"category","embeddable":true,"href":"https:\/\/pandurango.org.mx\/index.php\/wp-json\/wp\/v2\/categories?post=267"},{"taxonomy":"post_tag","embeddable":true,"href":"https:\/\/pandurango.org.mx\/index.php\/wp-json\/wp\/v2\/tags?post=267"}],"curies":[{"name":"wp","href":"https:\/\/api.w.org\/{rel}","templated":true}]}}